{"id":1566,"date":"2026-08-14T14:14:04","date_gmt":"2026-08-14T14:14:04","guid":{"rendered":"https:\/\/neu.baecksteinerhof.com\/trauttmansdorff-un-viaggio-attraverso-quattro-mondi-di-giardini\/"},"modified":"2026-08-28T19:29:37","modified_gmt":"2026-08-28T19:29:37","slug":"trauttmansdorff-un-viaggio-attraverso-quattro-mondi-di-giardini","status":"publish","type":"post","link":"https:\/\/www.baecksteinerhof.com\/it\/trauttmansdorff-un-viaggio-attraverso-quattro-mondi-di-giardini\/","title":{"rendered":"Trauttmansdorff: un viaggio attraverso quattro mondi botanici"},"content":{"rendered":"\n<p class=\"wp-block-paragraph\">A pochi minuti sopra Merano si apre un mondo sorprendentemente vasto: i Giardini di Castel Trauttmansdorff riuniscono in dodici ettari pi\u00f9 di 80 paesaggi botanici. Tra il punto pi\u00f9 basso e quello pi\u00f9 alto ci sono circa 100 metri di dislivello \u2013 quanto basta per offrire prospettive sempre nuove sulle piante, sul castello e sulle montagne circostanti. <\/p>\n\n<h2 class=\"wp-block-heading\">Quattro mondi botanici, un&#8217;intera giornata<\/h2>\n\n<p class=\"wp-block-paragraph\">La struttura \u00e8 suddivisa in quattro mondi botanici. Nei \u201cBoschi del mondo\u201d crescono specie arboree provenienti dall&#8217;America e dall&#8217;Asia orientale. I pendii soleggiati appartengono alle piante mediterranee, mentre i giardini acquatici e a terrazza giocano con linee pulite, laghetti e rigogliose piante perenni. A questi si aggiungono i paesaggi dell&#8217;Alto Adige con vigneti, frutteti e i tipici orti contadini.   <\/p>\n\n<p class=\"wp-block-paragraph\">\u00c8 proprio questo cambiamento a rendere speciale Trauttmansdorff: non si passeggia semplicemente in un giardino botanico, ma si viaggia in poche ore attraverso diverse zone climatiche. Punti panoramici, padiglioni e piccole stazioni esperienziali invitano a trovare il proprio ritmo. <\/p>\n\n<h2 class=\"wp-block-heading\">Pi\u00f9 che fiori: il Touriseum<\/h2>\n\n<p class=\"wp-block-paragraph\">All&#8217;interno del castello, il Touriseum racconta circa 250 anni di storia del turismo nell&#8217;area alpina. Allestimenti storici e dettagli curati mostrano come dai viaggi faticosi sia nata lentamente la cultura delle vacanze che caratterizza l&#8217;Alto Adige ancora oggi. Giardino e museo si completano quindi a vicenda in modo ideale.  <\/p>\n\n<h2 class=\"wp-block-heading\">Il nostro consiglio per la visita nel 2026<\/h2>\n\n<ul class=\"wp-block-list\"><li>La stagione 2026 va dal 1\u00b0 aprile all&#8217;8 novembre; l&#8217;apertura \u00e8 giornaliera dalle ore 9:00.<\/li><li>Per un giro rilassato, una durata da tre a sei ore \u00e8 realistica.<\/li><li>Vale la pena indossare scarpe comode a causa dei dislivelli.<\/li><li>Cani e altri animali non sono ammessi nei giardini.<\/li><\/ul>\n\n<p class=\"wp-block-paragraph\">Chi inizia presto si gode i sentieri con pi\u00f9 tranquillit\u00e0 e ha poi tempo per il caff\u00e8, il ristorante o un picnic. Nel 2026 la mostra \u201cArchitettura in viaggio\u201d arricchisce la visita; in estate e in autunno si aggiungono altri formati speciali. Prima di partire, consigliamo di dare un&#8217;occhiata al calendario eventi aggiornato.  <\/p>\n\n<hr class=\"wp-block-separator has-alpha-channel-opacity\"\/>\n\n<p class=\"has-small-font-size wp-block-paragraph\"><strong>Informazioni:<\/strong> <a href=\"https:\/\/www.trauttmansdorff.it\/\" target=\"_blank\" rel=\"noreferrer noopener\">I Giardini di Castel Trauttmansdorff<\/a><br\/><strong>Foto:<\/strong> B\u00f6hringer Friedrich, <a href=\"https:\/\/commons.wikimedia.org\/wiki\/File:Botanischer_Garten_Meran_20.jpg\" target=\"_blank\" rel=\"noreferrer noopener\">Wikimedia Commons<\/a>, CC BY-SA 2.5.<\/p>\n","protected":false},"excerpt":{"rendered":"<p>Oltre 80 paesaggi botanici, il Touriseum e ampie vedute su Merano: la nostra guida per una giornata di relax a Trauttmansdorff.<\/p>\n","protected":false},"author":1,"featured_media":1094,"comment_status":"open","ping_status":"open","sticky":false,"template":"","format":"standard","meta":{"_acf_changed":false,"inline_featured_image":false,"footnotes":""},"categories":[116],"tags":[],"class_list":["post-1566","post","type-post","status-publish","format-standard","has-post-thumbnail","hentry","category-luoghi"],"acf":[],"_links":{"self":[{"href":"https:\/\/www.baecksteinerhof.com\/it\/wp-json\/wp\/v2\/posts\/1566","targetHints":{"allow":["GET"]}}],"collection":[{"href":"https:\/\/www.baecksteinerhof.com\/it\/wp-json\/wp\/v2\/posts"}],"about":[{"href":"https:\/\/www.baecksteinerhof.com\/it\/wp-json\/wp\/v2\/types\/post"}],"author":[{"embeddable":true,"href":"https:\/\/www.baecksteinerhof.com\/it\/wp-json\/wp\/v2\/users\/1"}],"replies":[{"embeddable":true,"href":"https:\/\/www.baecksteinerhof.com\/it\/wp-json\/wp\/v2\/comments?post=1566"}],"version-history":[{"count":1,"href":"https:\/\/www.baecksteinerhof.com\/it\/wp-json\/wp\/v2\/posts\/1566\/revisions"}],"predecessor-version":[{"id":1567,"href":"https:\/\/www.baecksteinerhof.com\/it\/wp-json\/wp\/v2\/posts\/1566\/revisions\/1567"}],"wp:featuredmedia":[{"embeddable":true,"href":"https:\/\/www.baecksteinerhof.com\/it\/wp-json\/wp\/v2\/media\/1094"}],"wp:attachment":[{"href":"https:\/\/www.baecksteinerhof.com\/it\/wp-json\/wp\/v2\/media?parent=1566"}],"wp:term":[{"taxonomy":"category","embeddable":true,"href":"https:\/\/www.baecksteinerhof.com\/it\/wp-json\/wp\/v2\/categories?post=1566"},{"taxonomy":"post_tag","embeddable":true,"href":"https:\/\/www.baecksteinerhof.com\/it\/wp-json\/wp\/v2\/tags?post=1566"}],"curies":[{"name":"wp","href":"https:\/\/api.w.org\/{rel}","templated":true}]}}