{"id":1564,"date":"2026-08-14T14:15:33","date_gmt":"2026-08-14T14:15:33","guid":{"rendered":"https:\/\/neu.baecksteinerhof.com\/merano-winefestival-2026-cinque-giorni-allinsegna-del-piacere-e-delle-scoperte\/"},"modified":"2026-08-28T19:28:48","modified_gmt":"2026-08-28T19:28:48","slug":"merano-winefestival-2026-cinque-giorni-allinsegna-del-piacere-e-delle-scoperte","status":"publish","type":"post","link":"https:\/\/www.baecksteinerhof.com\/it\/merano-winefestival-2026-cinque-giorni-allinsegna-del-piacere-e-delle-scoperte\/","title":{"rendered":"Merano WineFestival 2026: cinque giorni all&#8217;insegna del gusto e delle scoperte"},"content":{"rendered":"\n<p class=\"wp-block-paragraph\">Quando a novembre Merano si dedica al vino, alla cucina e alle nuove idee, la citt\u00e0 termale diventa il punto d&#8217;incontro per gli amanti del gusto provenienti da molti paesi. Nel 2026 il Merano WineFestival festeggia la sua 35\u00aa edizione: cinque giorni che uniscono degustazioni, produttori, competenze tecniche e un&#8217;atmosfera di festa. <\/p>\n\n<h2 class=\"wp-block-heading\">Il programma dal 6 al 10 novembre<\/h2>\n\n<p class=\"wp-block-paragraph\">L&#8217;apertura avverr\u00e0 venerd\u00ec 6 novembre con \u201cTasteTerroir \u2013 bio&amp;dynamica\u201d. Dalle 10:00 alle 16:30, il focus sar\u00e0 sulle aziende che operano in modo biologico e biodinamico e sulle loro origini. Da sabato a luned\u00ec, dal 7 al 9 novembre, seguir\u00e0 \u201cThe Festival\u201d con la vasta selezione di prodotti vinicoli e gastronomici nazionali e internazionali. Marted\u00ec 10 novembre sar\u00e0 infine dedicato a \u201cCatwalk Champagne &amp; more\u201d.       <\/p>\n\n<p class=\"wp-block-paragraph\">Parallelamente, dal 6 al 9 novembre, si terranno delle Masterclass che offrono l&#8217;opportunit\u00e0 di conoscere da vicino singole regioni, vitigni e stili. Il Summit del 6 e 7 novembre al Teatro Puccini integrer\u00e0 le degustazioni con dibattiti sulle sfide future del settore.     <\/p>\n\n<h2 class=\"wp-block-heading\">Perch\u00e9 vale la pena visitarlo<\/h2>\n\n<p class=\"wp-block-paragraph\">Il festival \u00e8 cresciuto dal 1992 senza perdere la sua cornice speciale. Attorno al Kurhaus si incontrano nomi rinomati e scoperte entusiasmanti. Per i visitatori si tratta di una rara occasione per confrontare direttamente molti stili diversi e dialogare con le persone che stanno dietro ai prodotti.  <\/p>\n\n<ul class=\"wp-block-list\"><li>Venerd\u00ec 6 novembre: TasteTerroir \u2013 bio&amp;dynamica, ore 10:00\u201316:30<\/li><li>Da sabato a luned\u00ec, 7\u20139 novembre: The Festival, ore 10:00\u201318:00<\/li><li>Marted\u00ec 10 novembre: Catwalk Champagne &amp; more, ore 10:00\u201316:00<\/li><\/ul>\n\n<h2 class=\"wp-block-heading\">Il nostro consiglio per la pianificazione<\/h2>\n\n<p class=\"wp-block-paragraph\">Se vuoi degustare in modo mirato, scegli in anticipo un tema principale e pianifica delle pause tra una sessione e l&#8217;altra. I biglietti, gli espositori e i programmi dettagliati vengono pubblicati sul sito ufficiale del festival. La prenotazione anticipata \u00e8 particolarmente consigliata per le Masterclass.  <\/p>\n\n<hr class=\"wp-block-separator has-alpha-channel-opacity\"\/>\n\n<p class=\"has-small-font-size wp-block-paragraph\"><strong>Informazioni:<\/strong> <a href=\"https:\/\/meranowinefestival.com\/en\/\" target=\"_blank\" rel=\"noreferrer noopener\">Merano WineFestival<\/a><br\/><strong>Foto:<\/strong> Christian Rottensteiner \/ ChrisCrea, <a href=\"https:\/\/commons.wikimedia.org\/wiki\/File:St._Magdalener_Classico_Bottle_Glass_Wine_Tasting_Maretsch.jpg\" target=\"_blank\" rel=\"noreferrer noopener\">Wikimedia Commons<\/a>, CC BY-SA 4.0.<\/p>\n","protected":false},"excerpt":{"rendered":"<p>La 35\u00aa edizione del Merano WineFestival porter\u00e0 a Merano viticoltori, produttori e appassionati dal 6 al 10 novembre 2026.<\/p>\n","protected":false},"author":1,"featured_media":1550,"comment_status":"open","ping_status":"open","sticky":false,"template":"","format":"standard","meta":{"_acf_changed":false,"inline_featured_image":false,"footnotes":""},"categories":[118],"tags":[],"class_list":["post-1564","post","type-post","status-publish","format-standard","has-post-thumbnail","hentry","category-eventi"],"acf":[],"_links":{"self":[{"href":"https:\/\/www.baecksteinerhof.com\/it\/wp-json\/wp\/v2\/posts\/1564","targetHints":{"allow":["GET"]}}],"collection":[{"href":"https:\/\/www.baecksteinerhof.com\/it\/wp-json\/wp\/v2\/posts"}],"about":[{"href":"https:\/\/www.baecksteinerhof.com\/it\/wp-json\/wp\/v2\/types\/post"}],"author":[{"embeddable":true,"href":"https:\/\/www.baecksteinerhof.com\/it\/wp-json\/wp\/v2\/users\/1"}],"replies":[{"embeddable":true,"href":"https:\/\/www.baecksteinerhof.com\/it\/wp-json\/wp\/v2\/comments?post=1564"}],"version-history":[{"count":1,"href":"https:\/\/www.baecksteinerhof.com\/it\/wp-json\/wp\/v2\/posts\/1564\/revisions"}],"predecessor-version":[{"id":1565,"href":"https:\/\/www.baecksteinerhof.com\/it\/wp-json\/wp\/v2\/posts\/1564\/revisions\/1565"}],"wp:featuredmedia":[{"embeddable":true,"href":"https:\/\/www.baecksteinerhof.com\/it\/wp-json\/wp\/v2\/media\/1550"}],"wp:attachment":[{"href":"https:\/\/www.baecksteinerhof.com\/it\/wp-json\/wp\/v2\/media?parent=1564"}],"wp:term":[{"taxonomy":"category","embeddable":true,"href":"https:\/\/www.baecksteinerhof.com\/it\/wp-json\/wp\/v2\/categories?post=1564"},{"taxonomy":"post_tag","embeddable":true,"href":"https:\/\/www.baecksteinerhof.com\/it\/wp-json\/wp\/v2\/tags?post=1564"}],"curies":[{"name":"wp","href":"https:\/\/api.w.org\/{rel}","templated":true}]}}