{"id":1562,"date":"2026-08-14T14:16:25","date_gmt":"2026-08-14T14:16:25","guid":{"rendered":"https:\/\/neu.baecksteinerhof.com\/il-nostro-consiglio-estivo-2026-una-giornata-allinsegna-della-liberta-a-merano-2000\/"},"modified":"2026-08-28T19:28:05","modified_gmt":"2026-08-28T19:28:05","slug":"il-nostro-consiglio-estivo-2026-una-giornata-allinsegna-della-liberta-a-merano-2000","status":"publish","type":"post","link":"https:\/\/www.baecksteinerhof.com\/it\/il-nostro-consiglio-estivo-2026-una-giornata-allinsegna-della-liberta-a-merano-2000\/","title":{"rendered":"Il nostro consiglio per l&#8217;estate 2026: una giornata di libert\u00e0 a Merano 2000"},"content":{"rendered":"\n<p class=\"wp-block-paragraph\">Dalla conca di Merano in pochi minuti su verso l&#8217;aria pura di montagna: Merano 2000 \u00e8 uno dei nostri consigli preferiti per una giornata estiva senza complicazioni. Il soleggiato altopiano unisce ampie vedute a sentieri per ogni esigenza \u2013 dalla tranquilla gita in famiglia al tour sportivo in vetta. <\/p>\n\n<h2 class=\"wp-block-heading\">1. Iniziare la giornata con vista<\/h2>\n\n<p class=\"wp-block-paragraph\">Gi\u00e0 la salita fa parte dell&#8217;esperienza. Che sia con la funivia da Naif o con la cabinovia da Falzeben: in cima lo sguardo spazia su Merano, la Val d&#8217;Adige e le vette circostanti. Il biglietto giornaliero estivo collega gli impianti aperti \u2013 funivia Merano 2000, cabinovia Falzeben, seggiovia Mittager e cabinovia Naifjoch \u2013 offrendo molta libert\u00e0 nella pianificazione della giornata.  <\/p>\n\n<h2 class=\"wp-block-heading\">2. Scegliere il sentiero giusto<\/h2>\n\n<p class=\"wp-block-paragraph\">Facili sentieri panoramici portano a rifugi e soleggiati punti di ristoro. Chi vuole salire pi\u00f9 in alto trover\u00e0 tour verso le cime e, con la via ferrata Heini Holzer, anche un&#8217;opzione impegnativa per alpinisti esperti e adeguatamente attrezzati. Mountain biker e parapendisti vivono la zona da prospettive ancora diverse.  <\/p>\n\n<h2 class=\"wp-block-heading\">3. Gustare l&#8217;Alto Adige sulla terrazza di un rifugio<\/h2>\n\n<p class=\"wp-block-paragraph\">Una giornata in montagna non ha bisogno di una lunga lista di chilometri. Spesso basta un&#8217;escursione con una bella meta: nei rifugi intorno a Merano 2000 ti aspettano piatti regionali, dolci fatti in casa e terrazze con vista panoramica. Soprattutto con i bambini, una pausa golosa \u00e8 spesso il momento pi\u00f9 bello del programma.  <\/p>\n\n<h2 class=\"wp-block-heading\">4. Per concludere, un giro sull&#8217;Alpin Bob<\/h2>\n\n<p class=\"wp-block-paragraph\">L&#8217;Alpin Bob porta velocit\u00e0 alla fine della giornata. La pista di bob su rotaia \u00e8 un&#8217;attrazione molto amata dalle famiglie e si abbina bene a una breve escursione. Se preferisci la tranquillit\u00e0, goditi invece ancora una volta il panorama intorno alla stazione a monte.  <\/p>\n\n<p class=\"wp-block-paragraph\"><strong>Buono a sapersi:<\/strong> gli orari di apertura e gli impianti attivi possono cambiare a seconda delle condizioni meteo. Prima di partire, controlla quindi sempre lo stato attuale in tempo reale e gli orari sul sito ufficiale. <\/p>\n\n<hr class=\"wp-block-separator has-alpha-channel-opacity\"\/>\n\n<p class=\"has-small-font-size wp-block-paragraph\"><strong>Informazioni:<\/strong> <a href=\"https:\/\/www.meran2000.com\/en\/\" target=\"_blank\" rel=\"noreferrer noopener\">Merano 2000<\/a><br\/><strong>Foto:<\/strong> Horcrux, <a href=\"https:\/\/commons.wikimedia.org\/wiki\/File:View_of_Merano_from_Meran_2000.jpg\" target=\"_blank\" rel=\"noreferrer noopener\">Wikimedia Commons<\/a>, CC BY-SA 4.0.<\/p>\n","protected":false},"excerpt":{"rendered":"<p>Escursioni, panorami, rifugi e l&#8217;Alpin Bob: ecco come trasformare una giornata estiva a Merano 2000 in un&#8217;esperienza per tutta la famiglia.<\/p>\n","protected":false},"author":1,"featured_media":1554,"comment_status":"open","ping_status":"open","sticky":false,"template":"","format":"standard","meta":{"_acf_changed":false,"inline_featured_image":false,"footnotes":""},"categories":[117],"tags":[],"class_list":["post-1562","post","type-post","status-publish","format-standard","has-post-thumbnail","hentry","category-news"],"acf":[],"_links":{"self":[{"href":"https:\/\/www.baecksteinerhof.com\/it\/wp-json\/wp\/v2\/posts\/1562","targetHints":{"allow":["GET"]}}],"collection":[{"href":"https:\/\/www.baecksteinerhof.com\/it\/wp-json\/wp\/v2\/posts"}],"about":[{"href":"https:\/\/www.baecksteinerhof.com\/it\/wp-json\/wp\/v2\/types\/post"}],"author":[{"embeddable":true,"href":"https:\/\/www.baecksteinerhof.com\/it\/wp-json\/wp\/v2\/users\/1"}],"replies":[{"embeddable":true,"href":"https:\/\/www.baecksteinerhof.com\/it\/wp-json\/wp\/v2\/comments?post=1562"}],"version-history":[{"count":1,"href":"https:\/\/www.baecksteinerhof.com\/it\/wp-json\/wp\/v2\/posts\/1562\/revisions"}],"predecessor-version":[{"id":1563,"href":"https:\/\/www.baecksteinerhof.com\/it\/wp-json\/wp\/v2\/posts\/1562\/revisions\/1563"}],"wp:featuredmedia":[{"embeddable":true,"href":"https:\/\/www.baecksteinerhof.com\/it\/wp-json\/wp\/v2\/media\/1554"}],"wp:attachment":[{"href":"https:\/\/www.baecksteinerhof.com\/it\/wp-json\/wp\/v2\/media?parent=1562"}],"wp:term":[{"taxonomy":"category","embeddable":true,"href":"https:\/\/www.baecksteinerhof.com\/it\/wp-json\/wp\/v2\/categories?post=1562"},{"taxonomy":"post_tag","embeddable":true,"href":"https:\/\/www.baecksteinerhof.com\/it\/wp-json\/wp\/v2\/tags?post=1562"}],"curies":[{"name":"wp","href":"https:\/\/api.w.org\/{rel}","templated":true}]}}