{"id":1560,"date":"2026-08-14T14:17:02","date_gmt":"2026-08-14T14:17:02","guid":{"rendered":"https:\/\/neu.baecksteinerhof.com\/knottnkino-co-luoghi-preferiti-sul-tschoegglberg\/"},"modified":"2026-08-28T19:28:04","modified_gmt":"2026-08-28T19:28:04","slug":"knottnkino-co-luoghi-preferiti-sul-tschoegglberg","status":"publish","type":"post","link":"https:\/\/www.baecksteinerhof.com\/it\/knottnkino-co-luoghi-preferiti-sul-tschoegglberg\/","title":{"rendered":"Knottnkino &#038; Co.: I luoghi preferiti sul Monzoccolo"},"content":{"rendered":"\n<p class=\"wp-block-paragraph\">Avelengo e Verano si trovano su un altopiano dove natura e cultura sono sorprendentemente vicine. Tra boschi, prati e rocce di porfido rosso si trovano punti panoramici, piccole chiese e architetture moderne. Alcuni luoghi raccontano storie secolari, altri semplicemente incorniciano la vista sul paesaggio.  <\/p>\n\n<h2 class=\"wp-block-heading\">Knottnkino: il paesaggio sul grande schermo<\/h2>\n\n<p class=\"wp-block-paragraph\">Sul Rotstein Knott, sopra Verano, non ci sono manifesti cinematografici, ma sedie da cinema resistenti alle intemperie. Lo \u201cspettacolo\u201d \u00e8 offerto dalla natura: la Val d&#8217;Adige, le montagne circostanti e le mutevoli formazioni nuvolose creano un panorama che appare diverso a ogni ora del giorno. <\/p>\n\n<p class=\"wp-block-paragraph\">Il percorso circolare Knottnkino\u00b3 collega tre imponenti rocce di porfido \u2013 Rotstein, Beimstein e Timpfler Knott \u2013 e quindi tre punti panoramici. Chi si prende il tempo necessario, non solo vivr\u00e0 un singolo motivo fotografico, ma il cambiamento del paesaggio lungo l&#8217;intero percorso. <\/p>\n\n<h2 class=\"wp-block-heading\">Chiese come tracce dell&#8217;insediamento<\/h2>\n\n<p class=\"wp-block-paragraph\">La chiesa di Santa Caterina \u00e8 uno dei motivi pi\u00f9 noti della zona. Anche la chiesa parrocchiale di San Nicol\u00f2 a Verano e San Giovanni ad Avelengo offrono uno spaccato della storia locale. Pi\u00f9 in alto, le cappelle di montagna come San Osvaldo e San Giacomo ricordano quanto presto le alture del Monzoccolo furono abitate e coltivate.  <\/p>\n\n<h2 class=\"wp-block-heading\">Architettura moderna a Falzeben<\/h2>\n\n<p class=\"wp-block-paragraph\">Un contrasto affascinante \u00e8 rappresentato dalla funivia Merano 2000 a Falzeben. Il suo linguaggio formale moderno dimostra che un&#8217;escursione alle attrazioni della regione non significa solo passato. Qui, paesaggio culturale tradizionale e infrastrutture contemporanee convivono fianco a fianco.  <\/p>\n\n<h2 class=\"wp-block-heading\">In viaggio con attenzione<\/h2>\n\n<p class=\"wp-block-paragraph\">Molti di questi luoghi si trovano in una natura sensibile o sono spazi sacri attivi. Rimanere sui sentieri segnalati, non lasciare rifiuti ed entrare nelle chiese con rispetto \u2013 cos\u00ec preserviamo l&#8217;atmosfera speciale anche per i prossimi visitatori. <\/p>\n\n<hr class=\"wp-block-separator has-alpha-channel-opacity\"\/>\n\n<p class=\"has-small-font-size wp-block-paragraph\"><strong>Informazioni:<\/strong> <a href=\"https:\/\/www.merano-suedtirol.it\/en\/hafling-voeran-meran-2000\/nature-culture\/places-of-interest.html\" target=\"_blank\" rel=\"noreferrer noopener\">Associazione Turistica Avelengo\u2013Verano\u2013Merano 2000<\/a><br\/><strong>Immagine:<\/strong> Hubert Berberich \/ HubiB, <a href=\"https:\/\/commons.wikimedia.org\/wiki\/File:Knottnkino2013.jpg\" target=\"_blank\" rel=\"noreferrer noopener\">Wikimedia Commons<\/a>, CC BY 3.0.<\/p>\n","protected":false},"excerpt":{"rendered":"<p>Cinema naturale, chiese antiche e architettura alpina moderna: questi luoghi speciali raccontano di Avelengo, Verano e del Monzoccolo.<\/p>\n","protected":false},"author":1,"featured_media":1553,"comment_status":"open","ping_status":"open","sticky":false,"template":"","format":"standard","meta":{"_acf_changed":false,"inline_featured_image":false,"footnotes":""},"categories":[116],"tags":[],"class_list":["post-1560","post","type-post","status-publish","format-standard","has-post-thumbnail","hentry","category-luoghi"],"acf":[],"_links":{"self":[{"href":"https:\/\/www.baecksteinerhof.com\/it\/wp-json\/wp\/v2\/posts\/1560","targetHints":{"allow":["GET"]}}],"collection":[{"href":"https:\/\/www.baecksteinerhof.com\/it\/wp-json\/wp\/v2\/posts"}],"about":[{"href":"https:\/\/www.baecksteinerhof.com\/it\/wp-json\/wp\/v2\/types\/post"}],"author":[{"embeddable":true,"href":"https:\/\/www.baecksteinerhof.com\/it\/wp-json\/wp\/v2\/users\/1"}],"replies":[{"embeddable":true,"href":"https:\/\/www.baecksteinerhof.com\/it\/wp-json\/wp\/v2\/comments?post=1560"}],"version-history":[{"count":1,"href":"https:\/\/www.baecksteinerhof.com\/it\/wp-json\/wp\/v2\/posts\/1560\/revisions"}],"predecessor-version":[{"id":1561,"href":"https:\/\/www.baecksteinerhof.com\/it\/wp-json\/wp\/v2\/posts\/1560\/revisions\/1561"}],"wp:featuredmedia":[{"embeddable":true,"href":"https:\/\/www.baecksteinerhof.com\/it\/wp-json\/wp\/v2\/media\/1553"}],"wp:attachment":[{"href":"https:\/\/www.baecksteinerhof.com\/it\/wp-json\/wp\/v2\/media?parent=1560"}],"wp:term":[{"taxonomy":"category","embeddable":true,"href":"https:\/\/www.baecksteinerhof.com\/it\/wp-json\/wp\/v2\/categories?post=1560"},{"taxonomy":"post_tag","embeddable":true,"href":"https:\/\/www.baecksteinerhof.com\/it\/wp-json\/wp\/v2\/tags?post=1560"}],"curies":[{"name":"wp","href":"https:\/\/api.w.org\/{rel}","templated":true}]}}