{"id":1558,"date":"2026-08-14T14:17:37","date_gmt":"2026-08-14T14:17:37","guid":{"rendered":"https:\/\/neu.baecksteinerhof.com\/una-passeggiata-speciale\/"},"modified":"2026-08-28T19:27:49","modified_gmt":"2026-08-28T19:27:49","slug":"una-passeggiata-speciale","status":"publish","type":"post","link":"https:\/\/www.baecksteinerhof.com\/it\/una-passeggiata-speciale\/","title":{"rendered":"Una passeggiata speciale"},"content":{"rendered":"\n<h1 class=\"wp-block-heading\">Percorso circolare a V\u00f6ran fino al Gasthof Waldbichl e Sentiero di riflessione per famiglie<\/h1>\n\n<p class=\"wp-block-paragraph\">Una leggera e piacevole escursione attraverso prati e boschi, un buon pranzo, torta fatta in casa e, per finire, un sentiero che invita a camminare in modo consapevole.<\/p>\n\n<p class=\"wp-block-paragraph\"><strong>21 agosto 2026 \u2014 circa 3 minuti di lettura<\/strong><\/p>\n\n<p class=\"wp-block-paragraph\">A volte non serve una grande escursione in montagna per vivere una giornata davvero bella. Questo giro sul Tsch\u00f6gglberg \u00e8 una di quelle escursioni che consigliamo volentieri ai nostri ospiti: facile da percorrere, varia e con una sosta per rifocillarsi, per la quale ci si pu\u00f2 tranquillamente prendere un po&#8217; pi\u00f9 di tempo. <\/p>\n\n<p class=\"wp-block-paragraph\">Il punto di partenza \u00e8 il <strong>Gr\u00fcner Baum sopra V\u00f6ran<\/strong>. Lo si pu\u00f2 raggiungere sia con i mezzi pubblici che in auto. Direttamente al punto di partenza si trova un ampio parcheggio.  <\/p>\n\n<h2 class=\"wp-block-heading\">Attraverso prati e boschi fino alla Malga Leadner<\/h2>\n\n<p class=\"wp-block-paragraph\">Dal Gr\u00fcner Baum seguiamo prima il sentiero in direzione della <strong>Malga Leadner<\/strong>. Il percorso sale dolcemente attraverso boschi e gli ampi prati del Tsch\u00f6gglberg. <\/p>\n\n<p class=\"wp-block-paragraph\">Per raggiungere la Malga Leadner ci vogliono circa <strong>50 minuti<\/strong>. La malga si trova a circa 1.500 metri ed \u00e8 circondata da prati di larici e boschi. Gi\u00e0 il percorso per arrivarci fa parte dell&#8217;esperienza: non una spettacolare escursione in montagna, ma una tranquilla passeggiata dove si ha il tempo di percepire il paesaggio.  <\/p>\n\n<p class=\"wp-block-paragraph\">Dalla Malga Leadner il sentiero prosegue in pochi minuti fino al <strong>Gasthof Waldbichl<\/strong>.<\/p>\n\n<h2 class=\"wp-block-heading\">Sosta al Waldbichl<\/h2>\n\n<p class=\"wp-block-paragraph\">Al pi\u00f9 tardi qui l&#8217;orologio pu\u00f2 rallentare un po&#8217;.<\/p>\n\n<p class=\"wp-block-paragraph\">Il Gasthof Waldbichl si trova proprio accanto alla nostra malga, dove un tempo d&#8217;estate venivano portati al pascolo i nostri animali. A circa 1.500 metri in mezzo ai prati. Al Waldbichl apprezziamo la cucina onesta dell&#8217;Alto Adige, che pone grande enfasi su prodotti naturali buoni e regionali.  <\/p>\n\n<p class=\"wp-block-paragraph\">Il nostro consiglio: <strong>non ripartire subito dopo il piatto principale<\/strong>&#8230;<\/p>\n\n<p class=\"wp-block-paragraph\">Le creazioni di torte fatte in casa di Claudia sono per noi un must. Meglio ordinare un altro caff\u00e8, gustare un pezzo di torta e rimanere seduti un po&#8217; pi\u00f9 a lungo. <\/p>\n\n<p class=\"wp-block-paragraph\">Il Waldbichl \u00e8 chiuso il gioved\u00ec. \u00c8 consigliabile controllare gli orari di apertura attuali prima dell&#8217;escursione. <\/p>\n\n<h2 class=\"wp-block-heading\">Ritorno attraverso il Sentiero di riflessione per famiglie<\/h2>\n\n<p class=\"wp-block-paragraph\">Per il ritorno non scegliamo semplicemente lo stesso sentiero.<\/p>\n\n<p class=\"wp-block-paragraph\">Dal Waldbichl si prosegue lungo l&#8217;<strong>H\u00fcttenbachweg<\/strong> attraverso boschi e prati in direzione di V\u00f6ran. Successivamente si incontra il Sentiero di riflessione per famiglie. <\/p>\n\n<p class=\"wp-block-paragraph\">Le stazioni artisticamente realizzate invitano a rallentare, a camminare in modo consapevole e a non rivolgere lo sguardo solo al paesaggio. Si parla di famiglia, fiducia, gioia, sicurezza e altre cose per le quali a volte rimane poco tempo nella vita quotidiana. <\/p>\n\n<p class=\"wp-block-paragraph\">Cos\u00ec il ritorno assume un carattere completamente diverso dalla salita.<\/p>\n\n<h2 class=\"wp-block-heading\">Il tour in sintesi<\/h2>\n\n<ul class=\"wp-block-list\">\n<li><strong>Punto di partenza:<\/strong> Gr\u00fcner Baum \/ Parcheggio LeNoir Forest vicino a V\u00f6ran<\/li>\n\n\n\n<li><strong>Percorso:<\/strong> Gr\u00fcner Baum \u2192 Malga Leadner \u2192 Gasthof Waldbichl \u2192 H\u00fcttenbachweg \/ Sentiero di riflessione per famiglie \u2192 Gr\u00fcner Baum<\/li>\n\n\n\n<li><strong>Distanza:<\/strong> circa 9\u201310 km, a seconda della variante scelta<\/li>\n\n\n\n<li><strong>Tempo di percorrenza effettivo:<\/strong> circa 2\u00bd\u20133 ore<\/li>\n\n\n\n<li><strong>Dislivello:<\/strong> circa 200\u2013300 metri di dislivello<\/li>\n\n\n\n<li><strong>Difficolt\u00e0:<\/strong> facile; in alcuni tratti dell&#8217;H\u00fcttenbachweg un po&#8217; pi\u00f9 ripido<\/li>\n\n\n\n<li><strong>Sosta:<\/strong> Gasthof Waldbichl<\/li>\n\n\n\n<li><strong>Come arrivare:<\/strong> possibile con autobus o auto<\/li>\n\n\n\n<li><strong>Parcheggio:<\/strong> ampio parcheggio a pagamento presso il Gr\u00fcner Baum<\/li>\n\n\n\n<li><strong>Consiglio:<\/strong> scarpe da trekking comode<\/li>\n<\/ul>\n\n<h2 class=\"wp-block-heading\">Il nostro consiglio<\/h2>\n\n<p class=\"wp-block-paragraph\"><strong>Non partire troppo presto e comunque non fare un programma rigido.<\/strong> Camminate tranquillamente fino alla Malga Leadner, pianificate al Waldbichl tempo sufficiente per pranzo, caff\u00e8 e torta fatta in casa e prendetevi tempo anche sul Sentiero di riflessione per famiglie per le piccole stazioni lungo il percorso.<\/p>\n\n<p class=\"wp-block-paragraph\">Per noi non \u00e8 un&#8217;escursione da sbrigare il pi\u00f9 velocemente possibile, ma una bella giornata per <strong>camminare, mangiare, osservare e godere<\/strong>.<\/p>\n\n<hr class=\"wp-block-separator has-alpha-channel-opacity\"\/>\n\n<p class=\"wp-block-paragraph\"><strong>Informazioni:<\/strong> Malga Leadner \u00b7 <a href=\"https:\/\/www.waldbichl.com\" target=\"_blank\" rel=\"noopener\">Gasthof Waldbichl<\/a> \u00b7 <a href=\"https:\/\/www.merano-suedtirol.it\/de\/hafling-voeran-meran-2000.html\" data-type=\"link\" data-id=\"www.merano-suedtirol.it\/de\/hafling-voeran-meran-2000.html\" target=\"_blank\" rel=\"noopener\">Associazione Turistica Avelengo\u2013V\u00f6ran\u2013Merano 2000<\/a> \u00b7 <a href=\"https:\/\/www.sentres.com\" data-type=\"link\" data-id=\"www.sentres.com\" target=\"_blank\" rel=\"noopener\">Sentres\/Outdooractive<\/a><\/p>\n\n<p class=\"wp-block-paragraph\"><\/p>\n","protected":false},"excerpt":{"rendered":"<p>Una leggera e piacevole escursione attraverso prati e boschi, un buon pranzo, torta fatta in casa e, per finire, un sentiero che invita a camminare in modo consapevole.<\/p>\n","protected":false},"author":1,"featured_media":1552,"comment_status":"open","ping_status":"open","sticky":false,"template":"","format":"standard","meta":{"_acf_changed":false,"inline_featured_image":false,"footnotes":""},"categories":[116],"tags":[],"class_list":["post-1558","post","type-post","status-publish","format-standard","has-post-thumbnail","hentry","category-luoghi"],"acf":[],"_links":{"self":[{"href":"https:\/\/www.baecksteinerhof.com\/it\/wp-json\/wp\/v2\/posts\/1558","targetHints":{"allow":["GET"]}}],"collection":[{"href":"https:\/\/www.baecksteinerhof.com\/it\/wp-json\/wp\/v2\/posts"}],"about":[{"href":"https:\/\/www.baecksteinerhof.com\/it\/wp-json\/wp\/v2\/types\/post"}],"author":[{"embeddable":true,"href":"https:\/\/www.baecksteinerhof.com\/it\/wp-json\/wp\/v2\/users\/1"}],"replies":[{"embeddable":true,"href":"https:\/\/www.baecksteinerhof.com\/it\/wp-json\/wp\/v2\/comments?post=1558"}],"version-history":[{"count":1,"href":"https:\/\/www.baecksteinerhof.com\/it\/wp-json\/wp\/v2\/posts\/1558\/revisions"}],"predecessor-version":[{"id":1559,"href":"https:\/\/www.baecksteinerhof.com\/it\/wp-json\/wp\/v2\/posts\/1558\/revisions\/1559"}],"wp:featuredmedia":[{"embeddable":true,"href":"https:\/\/www.baecksteinerhof.com\/it\/wp-json\/wp\/v2\/media\/1552"}],"wp:attachment":[{"href":"https:\/\/www.baecksteinerhof.com\/it\/wp-json\/wp\/v2\/media?parent=1558"}],"wp:term":[{"taxonomy":"category","embeddable":true,"href":"https:\/\/www.baecksteinerhof.com\/it\/wp-json\/wp\/v2\/categories?post=1558"},{"taxonomy":"post_tag","embeddable":true,"href":"https:\/\/www.baecksteinerhof.com\/it\/wp-json\/wp\/v2\/tags?post=1558"}],"curies":[{"name":"wp","href":"https:\/\/api.w.org\/{rel}","templated":true}]}}