{"id":1547,"date":"2026-08-21T13:43:30","date_gmt":"2026-08-21T13:43:30","guid":{"rendered":"https:\/\/neu.baecksteinerhof.com\/stoanerne-mandln-un-angolo-tranquillo-e-amato-tra-cielo-e-terra\/"},"modified":"2026-08-28T19:26:30","modified_gmt":"2026-08-28T19:26:30","slug":"stoanerne-mandln-un-angolo-tranquillo-e-amato-tra-cielo-e-terra","status":"publish","type":"post","link":"https:\/\/www.baecksteinerhof.com\/it\/stoanerne-mandln-un-angolo-tranquillo-e-amato-tra-cielo-e-terra\/","title":{"rendered":"Stoanerne Mandln \u2013 un tranquillo posto del cuore tra cielo e terra"},"content":{"rendered":"\n<p class=\"wp-block-paragraph\"><strong>Mistico. Misterioso. Un po&#8217; spirituale. E un luogo dove, per un momento, si desidera solo restare in silenzio.   <\/strong><\/p>\n\n<p class=\"wp-block-paragraph\"><strong>21 agosto 2026 \u2014 circa 4 minuti di lettura<\/strong><\/p>\n\n<p class=\"wp-block-paragraph\">Ci sono luoghi che si visitano perch\u00e9 sono belli. E poi ci sono luoghi per i quali non si riesce a spiegare esattamente <strong>perch\u00e9 ti emozionino cos\u00ec tanto<\/strong>. <\/p>\n\n<p class=\"wp-block-paragraph\">Per noi, gli Stoanerne Mandln appartengono alla seconda categoria.<\/p>\n\n<p class=\"wp-block-paragraph\">Lass\u00f9 sul Monzoccolo, a circa 2.000 metri di altitudine, si trovano pi\u00f9 di cento figure, piccole e grandi, fatte di pietre impilate. Alcune arrivano solo al ginocchio, altre sono alte quasi quanto un uomo. In mezzo, il vento, l&#8217;ampiezza e un panorama che spazia in ogni direzione.  <\/p>\n\n<p class=\"wp-block-paragraph\">Quando si arriva lass\u00f9, il posto ha qualcosa di singolare. Calmo. Mistico. Quasi un po&#8217; irreale.   <\/p>\n\n<h2 class=\"wp-block-heading\">Un luogo pieno di storie<\/h2>\n\n<p class=\"wp-block-paragraph\">Come siano nati effettivamente gli Stoanerne Mandln non \u00e8 ancora stato spiegato con certezza.<\/p>\n\n<p class=\"wp-block-paragraph\">Da secoli, storie e leggende avvolgono questo luogo. Si raccontava di balli di streghe e di incontri misteriosi. In documenti giudiziari storici del 1540 compare effettivamente la storia di Barbara Pachler, accusata di essersi incontrata lass\u00f9 con streghe e diavoli. Altri racconti collegano il luogo ad antichi siti di culto o ai pastori.   <\/p>\n\n<p class=\"wp-block-paragraph\">Cosa ci sia di vero e cosa sia leggenda?<\/p>\n\n<p class=\"wp-block-paragraph\">Forse \u00e8 proprio questo il bello.<\/p>\n\n<p class=\"wp-block-paragraph\">Perch\u00e9 quando ti trovi tra le tante figure di pietra, ascolti il vento e guardi lontano sopra le montagne, non hai bisogno di una spiegazione definitiva.<\/p>\n\n<h2 class=\"wp-block-heading\">Un luogo con vista panoramica<\/h2>\n\n<p class=\"wp-block-paragraph\">Gli Stoanerne Mandln si trovano sull&#8217;Hohe Reisch a circa <strong>2.003 metri di altitudine<\/strong>.<\/p>\n\n<p class=\"wp-block-paragraph\">Da l\u00ec si apre un panorama mozzafiato: il gruppo dell&#8217;Ortles, il gruppo di Tessa, le Alpi Venoste e, con buona visibilit\u00e0, si vedono persino le Dolomiti tutto intorno.<\/p>\n\n<p class=\"wp-block-paragraph\">Ma non \u00e8 solo la vista a piacerci.<\/p>\n\n<p class=\"wp-block-paragraph\">\u00c8 quella sensazione di essere lontani da tutto. Niente traffico, niente citt\u00e0, niente case. Solo montagne, pascoli alpini, vento e questi strani piccoli ometti di pietra, ognuno dei quali sembra che qualcuno abbia voluto lasciare intenzionalmente la propria traccia proprio qui.  <\/p>\n\n<h2 class=\"wp-block-heading\">D\u00e0 il meglio di s\u00e9 quando c&#8217;\u00e8 silenzio<\/h2>\n\n<p class=\"wp-block-paragraph\">Gli Stoanerne Mandln non sono pi\u00f9 da tempo un segreto del tutto sconosciuto.<\/p>\n\n<p class=\"wp-block-paragraph\">Proprio per questo, ti consigliamo di <strong>non andarci nelle ore di punta classiche<\/strong>. La mattina presto, durante la settimana o al di fuori dei periodi di alta stagione, il luogo mostra il suo lato pi\u00f9 bello. <\/p>\n\n<p class=\"wp-block-paragraph\">Particolarmente suggestiva \u00e8 un&#8217;escursione all&#8217;alba. Anche l&#8217;associazione turistica di Avelengo-Verano-Merano 2000 consiglia vivamente gli Stoanerne Mandln per un&#8217;escursione all&#8217;alba. <\/p>\n\n<p class=\"wp-block-paragraph\">Quando i primi raggi di sole colpiscono le figure di pietra e le montagne diventano lentamente visibili, si capisce forse meglio perch\u00e9 questo luogo affascini le persone da secoli.<\/p>\n\n<h2 class=\"wp-block-heading\">Come si arriva?<\/h2>\n\n<p class=\"wp-block-paragraph\">Diversi sentieri portano agli Stoanerne Mandln.<\/p>\n\n<p class=\"wp-block-paragraph\">Una bella escursione ad anello inizia, ad esempio, a <strong>Verano<\/strong> e conduce agli ometti di pietra passando per la Malga Leadner e il Giogo di Prato. Il giro completo da Verano, con quasi <strong>20 chilometri, circa 860 metri di dislivello e circa sei ore di cammino<\/strong>, \u00e8 una vera e propria escursione giornaliera ed \u00e8 classificata come mediamente difficile. <\/p>\n\n<p class=\"wp-block-paragraph\">Chi preferisce un percorso pi\u00f9 breve pu\u00f2 partire dal <strong>parcheggio Schermoos sopra Meltina<\/strong>. Il tour ufficiale ad anello \u00e8 lungo circa <strong>16 chilometri<\/strong>, dura circa <strong>4 ore e 50 minuti<\/strong> e supera ben 700 metri di dislivello. <\/p>\n\n<p class=\"wp-block-paragraph\">Ci sono accessi pi\u00f9 brevi anche dalla Val Sarentino. Per questo vale la pena decidere, prima di partire, se dedicare l&#8217;intera giornata all&#8217;escursione o se raggiungere questo luogo speciale per la via pi\u00f9 diretta. <\/p>\n\n<h2 class=\"wp-block-heading\">Il tour in sintesi<\/h2>\n\n<ul class=\"wp-block-list\">\n<li><strong>Destinazione:<\/strong> Stoanerne Mandln \/ Hohe Reisch<\/li>\n\n\n\n<li><strong>Altitudine:<\/strong> ca. 2.003 m<\/li>\n\n\n\n<li><strong>Caratteristiche:<\/strong> escursione tra i pascoli con ampia vista panoramica<\/li>\n\n\n\n<li><strong>Difficolt\u00e0:<\/strong> da facile a media a seconda del punto di partenza<\/li>\n\n\n\n<li><strong>Variante Verano:<\/strong> ca. 19,6 km \u00b7 ca. 6 ore \u00b7 circa 860 m di dislivello<\/li>\n\n\n\n<li><strong>Variante Schermoos:<\/strong> ca. 16 km \u00b7 ca. 4:50 ore \u00b7 circa 720 m di dislivello<\/li>\n\n\n\n<li><strong>Particolarmente bello:<\/strong> la mattina presto o all&#8217;alba<\/li>\n\n\n\n<li><strong>Importante:<\/strong> scarpe adatte, acqua a sufficienza e controllare le previsioni del tempo<\/li>\n<\/ul>\n\n<h2 class=\"wp-block-heading\">Il nostro consiglio<\/h2>\n\n<p class=\"wp-block-paragraph\"><strong>Non andarci solo per scattare una foto.<\/strong><\/p>\n\n<p class=\"wp-block-paragraph\">Cerca un posto tra le figure di pietra, siediti per qualche minuto e guarda semplicemente.<\/p>\n\n<p class=\"wp-block-paragraph\">Niente musica. Niente cellulare. Nessuna prossima meta.  <\/p>\n\n<p class=\"wp-block-paragraph\">Forse allora sentirai anche tu quella particolare atmosfera che \u00e8 difficile descrivere a parole.<\/p>\n\n<p class=\"wp-block-paragraph\">Che sia un luogo di energia, un antico sito di culto, una leggenda secolare o semplicemente una splendida cima montuosa \u2013 alla fine ognuno pu\u00f2 deciderlo per s\u00e9.<\/p>\n\n<p class=\"wp-block-paragraph\">Per noi, gli Stoanerne Mandln rimangono soprattutto una cosa:<\/p>\n\n<p class=\"wp-block-paragraph\"><strong>un tranquillo posto del cuore che si ricorda a lungo.<\/strong><\/p>\n","protected":false},"excerpt":{"rendered":"<p>Mistico. Misterioso. Un po&#8217; spirituale. E un luogo dove, per un momento, si desidera solo restare in silenzio. 21 agosto 2026 \u2014 circa 4 minuti di lettura Ci sono luoghi che si visitano perch\u00e9 sono belli. E poi ci sono luoghi per i quali non si riesce a spiegare esattamente perch\u00e9 ti emozionino cos\u00ec tanto. [&hellip;]<\/p>\n","protected":false},"author":2,"featured_media":1544,"comment_status":"open","ping_status":"open","sticky":false,"template":"","format":"standard","meta":{"_acf_changed":false,"inline_featured_image":false,"footnotes":""},"categories":[116],"tags":[],"class_list":["post-1547","post","type-post","status-publish","format-standard","has-post-thumbnail","hentry","category-luoghi"],"acf":[],"_links":{"self":[{"href":"https:\/\/www.baecksteinerhof.com\/it\/wp-json\/wp\/v2\/posts\/1547","targetHints":{"allow":["GET"]}}],"collection":[{"href":"https:\/\/www.baecksteinerhof.com\/it\/wp-json\/wp\/v2\/posts"}],"about":[{"href":"https:\/\/www.baecksteinerhof.com\/it\/wp-json\/wp\/v2\/types\/post"}],"author":[{"embeddable":true,"href":"https:\/\/www.baecksteinerhof.com\/it\/wp-json\/wp\/v2\/users\/2"}],"replies":[{"embeddable":true,"href":"https:\/\/www.baecksteinerhof.com\/it\/wp-json\/wp\/v2\/comments?post=1547"}],"version-history":[{"count":1,"href":"https:\/\/www.baecksteinerhof.com\/it\/wp-json\/wp\/v2\/posts\/1547\/revisions"}],"predecessor-version":[{"id":1548,"href":"https:\/\/www.baecksteinerhof.com\/it\/wp-json\/wp\/v2\/posts\/1547\/revisions\/1548"}],"wp:featuredmedia":[{"embeddable":true,"href":"https:\/\/www.baecksteinerhof.com\/it\/wp-json\/wp\/v2\/media\/1544"}],"wp:attachment":[{"href":"https:\/\/www.baecksteinerhof.com\/it\/wp-json\/wp\/v2\/media?parent=1547"}],"wp:term":[{"taxonomy":"category","embeddable":true,"href":"https:\/\/www.baecksteinerhof.com\/it\/wp-json\/wp\/v2\/categories?post=1547"},{"taxonomy":"post_tag","embeddable":true,"href":"https:\/\/www.baecksteinerhof.com\/it\/wp-json\/wp\/v2\/tags?post=1547"}],"curies":[{"name":"wp","href":"https:\/\/api.w.org\/{rel}","templated":true}]}}